

































































































































































































































































{"id":177,"date":"2010-12-16T23:24:52","date_gmt":"2010-12-16T23:24:52","guid":{"rendered":"http:\/\/patxitaxi.wordpress.com\/?p=177"},"modified":"2010-12-16T23:24:52","modified_gmt":"2010-12-16T23:24:52","slug":"un-bilbaotweets-diferente-esta-vez-me-toco-a-mi","status":"publish","type":"post","link":"https:\/\/www.patxitaxi.com\/blog\/un-bilbaotweets-diferente-esta-vez-me-toco-a-mi\/","title":{"rendered":"Esta vez me toc\u00f3 a mi"},"content":{"rendered":"<p><a href=\"http:\/\/bilbaoandtweets.wordpress.com\/\"><img loading=\"lazy\" class=\"alignleft size-medium wp-image-178\" title=\"bilbaoandtweets\" src=\"http:\/\/patxitaxi.files.wordpress.com\/2010\/12\/bilbaoandtweets1.jpg?w=300\" alt=\"\" width=\"300\" height=\"63\" \/><\/a><\/p>\n<p>Llevo unos 6 meses acudiendo de vez en cuando a eventos 2.0 en los que nos juntamos personas de distintos sectores profesionales, con el nexo com\u00fan de utilizar twitter para hacer nuevos contactos y ver la realidad de las cosas, desde un nuevo canal lleno de posibilidades. Tambi\u00e9n desvirtualizamos y ponemos caras a muchos de nuestros nuevos contactos, con los que a veces nos hemos cruzado muchos tweets.<\/p>\n<p>Solo que esta vez era diferente, ya que la peque\u00f1a charla en la que un invitado cuenta sus experiencias en social media o en la red antes de hacer networking, \u00a0gracias a mi amigo Txente Boraita y a Violeta Costa de la EEN, me tocaba a mi.<\/p>\n<p>Despu\u00e9s de el list\u00f3n tan alto que hab\u00edan puesto otros ponentes a los que yo hab\u00eda escuchado, como Xabier Uribe-Etxebarria, Blanco Urgoiti o Gabriel Aldamiz de Chicisimo en el \u00faltimo BBTGasteiz, suponia un bonito reto y ademas no quer\u00eda defraudar a mis amigos del Bilbaoandtweets.<\/p>\n<p><a href=\"http:\/\/patxitaxi.files.wordpress.com\/2010\/12\/bt.jpg\"><img loading=\"lazy\" class=\"aligncenter size-thumbnail wp-image-180\" title=\"B&amp;T\" src=\"http:\/\/patxitaxi.files.wordpress.com\/2010\/12\/bt.jpg?w=150\" alt=\"\" width=\"150\" height=\"96\" \/><\/a><\/p>\n<p>Tras unas buenas horas \u00a0peg\u00e1ndome con el powerpoint \u00a0y estruj\u00e1ndome el coco, sobre el enfoque que deb\u00eda dar a la exposici\u00f3n, viendo una y otra vez el resultado, intente convencerme a mi mismo, de que todo ir\u00eda bien.<\/p>\n<p>Unas horas antes de la ponencia y hasta que empece, sent\u00eda algo parecido a un miedo esc\u00e9nico, \u00bfcuanta gente habr\u00e1 ?\u00bfles interesara lo que les voy a contar?. Para mi sorpresa nada m\u00e1s empezar supe que todo ir\u00eda bien, Violeta realizo una buena introducci\u00f3n y me echo una mano con el port\u00e1til.<\/p>\n<p>Me lleve una buena impresi\u00f3n sin duda, antes he estado de colaborador en alg\u00fan programa radiof\u00f3nico y hab\u00eda mucha m\u00e1s gente escuchando, seguro, pero tener delante a la gente y adem\u00e1s a personas acostumbradas a acudir a estos eventos es otra cosa.<\/p>\n<p>Quiero agradecer especialmente a <a href=\"http:\/\/alexandermendez.com\/2010\/12\/taxiberia-como-nace-un-taxista20-bilbaoandtweets\/\">Alexander Mendez <\/a>que desde su blog ha realizado un estupendo post sobre lo que aconteci\u00f3 en \u00a0este <a href=\"http:\/\/bilbaoandtweets.wordpress.com\/\">III Bilbao&amp;Tweets<\/a> que tuvo lugar en Ideateca y a <a href=\"http:\/\/txente.com\/iii-bilbao-and-tweets-con-patxitaxi-y-taxiberia.html\">Txente Boraita<\/a>, mi mentor en este evento, del que no puedo expresar m\u00e1s que halagos.<\/p>\n<p><span class=\"youtube\"><iframe loading=\"lazy\" title=\"YouTube video player\" class=\"youtube-player\" type=\"text\/html\" width=\"425\" height=\"344\" src=\"\/\/www.youtube.com\/embed\/n4cWa1PTfpE?wmode=transparent&amp;fs=1&amp;hl=en&amp;modestbranding=1&amp;iv_load_policy=3&amp;showsearch=0&amp;rel=0&amp;theme=dark\" frameborder=\"0\" allowfullscreen><\/iframe><\/span> <\/p>\n","protected":false},"excerpt":{"rendered":"<p>Llevo unos 6 meses acudiendo de vez en cuando a eventos 2.0 en los que nos juntamos personas de distintos sectores profesionales, con el nexo com\u00fan de utilizar twitter para hacer nuevos contactos y ver la realidad de las cosas, &hellip; <a href=\"https:\/\/www.patxitaxi.com\/blog\/un-bilbaotweets-diferente-esta-vez-me-toco-a-mi\/\">Continue reading <span class=\"meta-nav\">&rarr;<\/span><\/a><\/p>\n","protected":false},"author":1,"featured_media":0,"comment_status":"open","ping_status":"open","sticky":false,"template":"","format":"standard","meta":[],"categories":[9,19,22,23,32,40,41,43],"tags":[250,52,64,248,72,74,252],"jetpack_featured_media_url":"","_links":{"self":[{"href":"https:\/\/www.patxitaxi.com\/blog\/wp-json\/wp\/v2\/posts\/177"}],"collection":[{"href":"https:\/\/www.patxitaxi.com\/blog\/wp-json\/wp\/v2\/posts"}],"about":[{"href":"https:\/\/www.patxitaxi.com\/blog\/wp-json\/wp\/v2\/types\/post"}],"author":[{"embeddable":true,"href":"https:\/\/www.patxitaxi.com\/blog\/wp-json\/wp\/v2\/users\/1"}],"replies":[{"embeddable":true,"href":"https:\/\/www.patxitaxi.com\/blog\/wp-json\/wp\/v2\/comments?post=177"}],"version-history":[{"count":1,"href":"https:\/\/www.patxitaxi.com\/blog\/wp-json\/wp\/v2\/posts\/177\/revisions"}],"predecessor-version":[{"id":309,"href":"https:\/\/www.patxitaxi.com\/blog\/wp-json\/wp\/v2\/posts\/177\/revisions\/309"}],"wp:attachment":[{"href":"https:\/\/www.patxitaxi.com\/blog\/wp-json\/wp\/v2\/media?parent=177"}],"wp:term":[{"taxonomy":"category","embeddable":true,"href":"https:\/\/www.patxitaxi.com\/blog\/wp-json\/wp\/v2\/categories?post=177"},{"taxonomy":"post_tag","embeddable":true,"href":"https:\/\/www.patxitaxi.com\/blog\/wp-json\/wp\/v2\/tags?post=177"}],"curies":[{"name":"wp","href":"https:\/\/api.w.org\/{rel}","templated":true}]}}