

































































































































































































































































{"id":621,"date":"2013-05-29T10:05:28","date_gmt":"2013-05-29T10:05:28","guid":{"rendered":"http:\/\/www.patxitaxi.com\/blog\/?p=621"},"modified":"2013-05-29T15:02:12","modified_gmt":"2013-05-29T15:02:12","slug":"cabbie-and-taxistars-alfredo","status":"publish","type":"post","link":"https:\/\/www.patxitaxi.com\/blog\/cabbie-and-taxistars-alfredo\/","title":{"rendered":"Cabbie and TaxiStars &#8211; Alfredo Escanciano"},"content":{"rendered":"<p>Hola a tod@s hace tiempo que tengo el blog un poco dejado, que vamos ha hacer liado que estoy y en estos tiempos daremos gracias&#8230;. Hoy os paso la entrevista realizada a\u00a0<b>Alfredo Escanciano,<\/b> taxista de Madrid y habitual columnista de La Voz del Taxi, otro compa\u00f1ero que utiliza las nuevas tecnolog\u00edas y que escribe y colabora en diferentes blog.<\/p>\n<p><a href=\"http:\/\/www.patxitaxi.com\/blog\/?attachment_id=622\" rel=\"attachment wp-att-622\"><img loading=\"lazy\" class=\"aligncenter size-full wp-image-622\" alt=\"Alfredo\" src=\"http:\/\/www.patxitaxi.com\/blog\/wp-content\/uploads\/Alfredo.png\" width=\"347\" height=\"336\" srcset=\"https:\/\/www.patxitaxi.com\/blog\/wp-content\/uploads\/Alfredo.png 347w, https:\/\/www.patxitaxi.com\/blog\/wp-content\/uploads\/Alfredo-300x290.png 300w\" sizes=\"(max-width: 347px) 100vw, 347px\" \/><\/a><\/p>\n<p>&nbsp;<\/p>\n<p>1- Cu\u00e1ndo y c\u00f3mo entraste en el mundo del taxi?.<\/p>\n<p>Entr\u00e9 con 21 a\u00f1os, en la primavera de 1991, un a\u00f1o como conductor asalariado hasta que al a\u00f1o siguiente pude comprar mi licencia.<\/p>\n<p>2- Alg\u00fan traslado inolvidable?<\/p>\n<p>Inolvidable y desagradable a la vez, tuve que llevar a una mujer a su domicilio , sabiendo \u00a0que su hermano hab\u00eda sido encontrado sin vida a causa de una sobredosis, imaginaros como pudieron ser los 20 minutos que tardamos en llegar.<\/p>\n<p>3- Ha cambiado tu forma de conducir en este tiempo?<\/p>\n<p>Si a medida que han pasado los a\u00f1os, se ha ido haciendo mas tranquila, no por ir adelantando a los dem\u00e1s taxis tienes mas probabilidades de tomar servicio, y aparte con la situaci\u00f3n actual es mejor no arriesgar .<\/p>\n<p>4- Usas las redes sociales? Si es as\u00ed cual es tu favorita y que obtienes con ella?.<\/p>\n<p>Si, mi cuenta de twitter @TaxiMadridSuper posee 1200 seguidores, de los cuales muchos son clientes habituales y tambi\u00e9n promociono mis sitios webs con un perfil de facebook, encaminado a relacionarme e intercambiar links con taxistas de otras parte del mundo.<\/p>\n<p>5- Qu\u00e9 gadgets electr\u00f3nicos utilizas, alguna App que te guste especialmente?.<\/p>\n<p>Una aplicaci\u00f3n que est\u00e1 creciendo d\u00eda a d\u00eda en usuarios es Zello Walkie Talkie, a trav\u00e9s de ella un grupo de compa\u00f1eros aparte de conversar sobre cualquier tema, la aprovechamos para pasarnos servicios de clientes fijos cuando no podemos atenderlos. Para contacto mas directo con los clientes el whatsapp es mi favorita, te permite sin necesidad de atender llamadas telef\u00f3nicas concertar cualquier tipo de cita de una manera mas segura y c\u00f3moda.<\/p>\n<p>6- Qu\u00e9 consejo dar\u00edas a un joven taxista que est\u00e1 empezando.<\/p>\n<p>Sobre todo que no cometiera el error en el que otros cayeron, es decir, no comprometerse con pr\u00e9stamos altos cuando el taxi les fuese bien, pues cuando la econom\u00eda se de la vuelta puede verse en una situaci\u00f3n dif\u00edcil y complicada , pasos cortos pero seguros es un buen lema para el profesional del taxi.<\/p>\n<p>7- C\u00f3mo ves el futuro del taxi?.<\/p>\n<p>Soy positivo, si a pesar de la grave crisis econ\u00f3mica que estamos viviendo todav\u00eda salimos adelante , en cuanto el pa\u00eds vuelva a una situaci\u00f3n de cierta normalidad, el taxista recuperar\u00e1 posiciones pero nunca sin llegar a lo que vivimos en el pasado.<\/p>\n<p>8- A\u00f1ade cualquier cosa que creas conveniente o te apetezca comentar.<\/p>\n<p>Deciros que llevo promocion\u00e1ndome y consiguiendo nuevos clientes algo menos de un a\u00f1o, y no me va del todo mal, pero lo que si lamento es haber estado durante 22 a\u00f1os sin haberme preocupado de este tema, cierto es que hace a\u00f1os no era necesario publicitarse pues el trabajo no faltaba, pero ahora quiz\u00e1s hubiese sobrellevado esta crisis de una forma mas c\u00f3moda.<\/p>\n","protected":false},"excerpt":{"rendered":"<p>Hola a tod@s hace tiempo que tengo el blog un poco dejado, que vamos ha hacer liado que estoy y en estos tiempos daremos gracias&#8230;. Hoy os paso la entrevista realizada a\u00a0Alfredo Escanciano, taxista de Madrid y habitual columnista de &hellip; <a href=\"https:\/\/www.patxitaxi.com\/blog\/cabbie-and-taxistars-alfredo\/\">Continue reading <span class=\"meta-nav\">&rarr;<\/span><\/a><\/p>\n","protected":false},"author":1,"featured_media":0,"comment_status":"open","ping_status":"closed","sticky":false,"template":"","format":"standard","meta":[],"categories":[1],"tags":[],"jetpack_featured_media_url":"","_links":{"self":[{"href":"https:\/\/www.patxitaxi.com\/blog\/wp-json\/wp\/v2\/posts\/621"}],"collection":[{"href":"https:\/\/www.patxitaxi.com\/blog\/wp-json\/wp\/v2\/posts"}],"about":[{"href":"https:\/\/www.patxitaxi.com\/blog\/wp-json\/wp\/v2\/types\/post"}],"author":[{"embeddable":true,"href":"https:\/\/www.patxitaxi.com\/blog\/wp-json\/wp\/v2\/users\/1"}],"replies":[{"embeddable":true,"href":"https:\/\/www.patxitaxi.com\/blog\/wp-json\/wp\/v2\/comments?post=621"}],"version-history":[{"count":5,"href":"https:\/\/www.patxitaxi.com\/blog\/wp-json\/wp\/v2\/posts\/621\/revisions"}],"predecessor-version":[{"id":625,"href":"https:\/\/www.patxitaxi.com\/blog\/wp-json\/wp\/v2\/posts\/621\/revisions\/625"}],"wp:attachment":[{"href":"https:\/\/www.patxitaxi.com\/blog\/wp-json\/wp\/v2\/media?parent=621"}],"wp:term":[{"taxonomy":"category","embeddable":true,"href":"https:\/\/www.patxitaxi.com\/blog\/wp-json\/wp\/v2\/categories?post=621"},{"taxonomy":"post_tag","embeddable":true,"href":"https:\/\/www.patxitaxi.com\/blog\/wp-json\/wp\/v2\/tags?post=621"}],"curies":[{"name":"wp","href":"https:\/\/api.w.org\/{rel}","templated":true}]}}