

































































































































































































































































{"id":68,"date":"2010-10-31T20:22:42","date_gmt":"2010-10-31T20:22:42","guid":{"rendered":"http:\/\/patxitaxi.wordpress.com\/?p=68"},"modified":"2010-10-31T20:22:42","modified_gmt":"2010-10-31T20:22:42","slug":"la-soledad-del-pequeno-caso-radiotaxi-celedon-y-945272000","status":"publish","type":"post","link":"https:\/\/www.patxitaxi.com\/blog\/la-soledad-del-pequeno-caso-radiotaxi-celedon-y-945272000\/","title":{"rendered":"La soledad del peque\u00f1o, Caso Radiotaxi Celedon y 945272000"},"content":{"rendered":"<p>A primeros del mes de julio se estrenaron dos nuevas paradas en los barrios de Zagalgana y Salburua y siendo dos empresas en las que se han organizado los taxistas Vitorianos, para <em><strong>radiotaxi Celedon27200<\/strong><\/em><strong>0<\/strong> fue una noticia como para cualquier ciudadano de la ciudad, no se avis\u00f3\u00a0por parte del <a class=\"zem_slink\" title=\"Ayuntamiento\" rel=\"wikipedia\" href=\"http:\/\/en.wikipedia.org\/wiki\/Ayuntamiento\">ayuntamiento<\/a> a ninguno de sus mienbros. No siendo suficiente con \u00a0esa falta de tacto, nos dimos cuenta de que en las se\u00f1ales informativas de las paradas, solamente hab\u00eda un n\u00famero de informaci\u00f3n de las \u00a0compa\u00f1ias que gestionan el servicio en \u00a0la ciudad, casualmente el n\u00famero de la competencia de <em><strong>radiotaxi Celedon272000<\/strong><\/em>.<\/p>\n<p><a href=\"http:\/\/www.elcorreo.com\/alava\/v\/20100727\/alava\/taxi-celedon-denuncia-discriminacion-20100727.html\">http:\/\/www.elcorreo.com\/alava\/v\/20100727\/alava\/taxi-celedon-denuncia-discriminacion-20100727.html<\/a><\/p>\n<p>Por si no lo saben, soy uno de los impulsores y fundadores de este, no ya tan nuevo<em><strong> radiotaxi Celedon272000, <\/strong><\/em>nacido en 2006 por la falta de sentido com\u00fan de algunos profesionales del taxi de <a class=\"zem_slink\" title=\"Vitoria-Gasteiz\" rel=\"geolocation\" href=\"http:\/\/maps.google.com\/maps?ll=42.85,-2.68333333333&amp;spn=0.1,0.1&amp;q=42.85,-2.68333333333 (Vitoria-Gasteiz)&amp;t=h\">Gasteiz<\/a> que nos pusieron todas las trabas que pudieron, para impedir que nos incorporaramos a la compa\u00f1\u00eda \u00fanica en ese momento. Trabas economicas sobre todo, solicitandonos para entrar en la compa\u00f1ia cantidades absolutamente desorbitadas, solo para que los ciudadanos pudieran \u00a0solicitar nuestros servicios telef\u00f3nicamente- no digo la cantidad porque estamos en crisis&#8230;.<\/p>\n<p>Aun siendo s\u00f3lo 10 los integrantes de <em><strong><a title=\"Vitoria-gasteiz taxi\" href=\"http:\/\/www.grupoceledon.com\">radiotaxi Celedon272000<\/a><\/strong><\/em>, conseguimos gracias a una central de llamadas compartida que los ciudadanos puedan solicitar nuestros servicios telef\u00f3nicamente con operadoras,\u00a0<a class=\"zem_slink\" title=\"Global Positioning System\" rel=\"wikipedia\" href=\"http:\/\/en.wikipedia.org\/wiki\/Global_Positioning_System\">GPS<\/a> en los coches, pago con tarjeta y las \u00faltimas innovaciones.<em><strong> <\/strong><\/em><\/p>\n<p><em><strong> La clave de este asunto, el porque de que no pierdan el culo para ponernos el n\u00famero es ese, que somos s\u00f3lo 10 y por eso al ayuntamiento que dirige el Sr. Lazcoz, no le importa, sus habichuelas no peligran.<\/strong><\/em><\/p>\n<p><em><strong><a href=\"http:\/\/patxitaxi.files.wordpress.com\/2010\/10\/grupo.jpg\"><img loading=\"lazy\" class=\"aligncenter size-medium wp-image-81\" title=\"grupo\" src=\"http:\/\/patxitaxi.files.wordpress.com\/2010\/10\/grupo.jpg?w=300\" alt=\"\" width=\"300\" height=\"182\" \/><\/a><br \/>\n<\/strong><\/em><\/p>\n<p>Se\u00f1ores del ayuntamiento, su falta de tacto y formalidad no tiene nombre y a d\u00eda de hoy, siguen sin poner nuestro n\u00famero en las paradas. Siendo los taxistas sus servicios publicos mas rentables ya que s\u00f3lo les supone ingresos \u00a0(las ultimas licencias las vendi\u00f3 el ayuntamiento por 150.000 \u20ac) ya que ni pagan sueldos, ni coches, ni mantenimientos,ni combustible, ni practicamente nada. <strong>Que menos que ser diligentes, con la poca publicidad que nos hacen y el servicio que aportamos a ese precio.<\/strong> Se les infla el pecho con su servicio urbano de transporte, en unos a\u00f1os pusieron el b\u00faho, el tranv\u00eda y se gastaron una pasta en su nuevo sistema de paradas bus, \u00bfy a los paganinis de taxistas? nos dejan de lado, nos ponen sem\u00e1foros que duran 5 minutos como el de Desamparadas-Paz para que pase el rey de la ciudad \u00abese gusano verde\u00bb provocando que se encarezcan las carreras, pero esa es otra historia.<\/p>\n<p><a href=\"http:\/\/www.elcorreo.com\/alava\/v\/20101024\/alava\/sabotajes-taxistas-20101024.html\">http:\/\/www.elcorreo.com\/alava\/v\/20101024\/alava\/sabotajes-taxistas-20101024.html<\/a><\/p>\n<p>A esta dejadez hay que sumar los sabotajes realizados en el resto de las paradas, tachando el n\u00famero de nuestro <em><strong>radiotaxi Celedon272000<\/strong><\/em>, ya se pueden imaginar quienes son los primeros beneficiados de esto, la competencia, piensa mal y acertaras.<\/p>\n<p style=\"text-align:center;\"><a href=\"http:\/\/patxitaxi.files.wordpress.com\/2010\/10\/6741654.jpg\"><img loading=\"lazy\" class=\"size-full wp-image-69 aligncenter\" title=\"sabotaje al 945272000\" src=\"http:\/\/patxitaxi.files.wordpress.com\/2010\/10\/6741654.jpg\" alt=\"\" width=\"300\" height=\"180\" \/><\/a><\/p>\n<p>Pedir disculpas por poner tanto el n\u00famero de tel\u00e9fono en cuesti\u00f3n, pero es ir\u00f3nicamente y para compensar con \u00a0los n\u00fameros que salen en las fotos de \u00a0nuestra \u00ableal\u00bb competencia.<\/p>\n<p>Tambi\u00e9n quiero dar las gracias a todos los tuiteros \u00a0que han movido el tema.<\/p>\n","protected":false},"excerpt":{"rendered":"<p>A primeros del mes de julio se estrenaron dos nuevas paradas en los barrios de Zagalgana y Salburua y siendo dos empresas en las que se han organizado los taxistas Vitorianos, para radiotaxi Celedon272000 fue una noticia como para cualquier &hellip; <a href=\"https:\/\/www.patxitaxi.com\/blog\/la-soledad-del-pequeno-caso-radiotaxi-celedon-y-945272000\/\">Continue reading <span class=\"meta-nav\">&rarr;<\/span><\/a><\/p>\n","protected":false},"author":1,"featured_media":0,"comment_status":"open","ping_status":"open","sticky":false,"template":"","format":"standard","meta":[],"categories":[6,8,12,14,17,34,35,38,45],"tags":[238,242,67,246,248,78],"jetpack_featured_media_url":"","_links":{"self":[{"href":"https:\/\/www.patxitaxi.com\/blog\/wp-json\/wp\/v2\/posts\/68"}],"collection":[{"href":"https:\/\/www.patxitaxi.com\/blog\/wp-json\/wp\/v2\/posts"}],"about":[{"href":"https:\/\/www.patxitaxi.com\/blog\/wp-json\/wp\/v2\/types\/post"}],"author":[{"embeddable":true,"href":"https:\/\/www.patxitaxi.com\/blog\/wp-json\/wp\/v2\/users\/1"}],"replies":[{"embeddable":true,"href":"https:\/\/www.patxitaxi.com\/blog\/wp-json\/wp\/v2\/comments?post=68"}],"version-history":[{"count":0,"href":"https:\/\/www.patxitaxi.com\/blog\/wp-json\/wp\/v2\/posts\/68\/revisions"}],"wp:attachment":[{"href":"https:\/\/www.patxitaxi.com\/blog\/wp-json\/wp\/v2\/media?parent=68"}],"wp:term":[{"taxonomy":"category","embeddable":true,"href":"https:\/\/www.patxitaxi.com\/blog\/wp-json\/wp\/v2\/categories?post=68"},{"taxonomy":"post_tag","embeddable":true,"href":"https:\/\/www.patxitaxi.com\/blog\/wp-json\/wp\/v2\/tags?post=68"}],"curies":[{"name":"wp","href":"https:\/\/api.w.org\/{rel}","templated":true}]}}